{"id":478,"date":"2026-03-07T11:00:33","date_gmt":"2026-03-07T10:00:33","guid":{"rendered":"https:\/\/www.mythologydecoding.com\/?p=478"},"modified":"2026-03-07T07:51:38","modified_gmt":"2026-03-07T06:51:38","slug":"de-mythos-von-narziss-die-tragodie-der-leere","status":"publish","type":"post","link":"https:\/\/www.mythologydecoding.com\/en\/de-mythos-von-narziss-die-tragodie-der-leere\/","title":{"rendered":"[DE]Der Mythos von Narziss und Echo: Die Trag\u00f6die der Leere"},"content":{"rendered":"<h3 class=\"wp-block-heading\">Der Zauber des Nichts zwischen Ovid, Psychoanalyse und Kunst<\/h3>\n\n\n\n<p class=\"has-text-align-left has-small-font-size wp-block-paragraph\">Der Mythos von Narziss ist keine einfache Parabel \u00fcber die Eitelkeit oder die <a href=\"https:\/\/www.mythologydecoding.com\/en\/hybris-arachne-mythos\/\" title=\"\ud83c\udde9\ud83c\uddea Die Hybris in der griechischen Mythologie \u2013 Der Arachne Mythos\">Hybris, <\/a>sondern eine Trag\u00f6die der absoluten Isolation. Im dritten Buch der Metamorphosen beschreibt Ovid pr\u00e4zise jenen Moment, in dem der J\u00fcngling aufh\u00f6rt, als Individuum zu existieren, um zu reiner Kontemplation zu werden<\/p>\n\n\n\n<blockquote class=\"wp-block-quote is-layout-flow wp-block-quote-is-layout-flow\">\n<p class=\"wp-block-paragraph\" style=\"font-size:14px\"><em>\u201eUnd w\u00e4hrend er den Durst zu stillen sucht, w\u00e4chst ihm ein anderer Durst: W\u00e4hrend er trinkt, hingerissen vom Bild der Sch\u00f6nheit, die er sieht, verliebt er sich in einen k\u00f6rperlosen Schein; er h\u00e4lt f\u00fcr K\u00f6rper, was nur Schatten ist.\u201c<\/em> <\/p>\n\n\n\n<p class=\"wp-block-paragraph\" style=\"font-size:14px\">\u2014 Ovid, Metamorphosen, Drittes Buch<\/p>\n<\/blockquote>\n\n\n\n<div class=\"wp-block-media-text is-stacked-on-mobile\"><figure class=\"wp-block-media-text__media\"><img loading=\"lazy\" decoding=\"async\" width=\"419\" height=\"619\" src=\"https:\/\/www.mythologydecoding.com\/wp-content\/uploads\/2026\/03\/narciso-1.jpg\" alt=\"Narciss a Pompeii\" class=\"wp-image-420 size-full\" srcset=\"https:\/\/www.mythologydecoding.com\/wp-content\/uploads\/2026\/03\/narciso-1.jpg 419w, https:\/\/www.mythologydecoding.com\/wp-content\/uploads\/2026\/03\/narciso-1-203x300.jpg 203w, https:\/\/www.mythologydecoding.com\/wp-content\/uploads\/2026\/03\/narciso-1-8x12.jpg 8w\" sizes=\"auto, (max-width: 419px) 100vw, 419px\" \/><\/figure><div class=\"wp-block-media-text__content\">\n<p class=\"has-small-font-size wp-block-paragraph\">Narziss vollzieht keine aktive Tat; er erleidet eine innere Zehrung. Er verzehrt sich wie Wachs im Feuer und l\u00f6st sich in einem Wasserspiegel auf, der keine Liebe zur\u00fcckgibt, sondern nur eine Illusion. Selbst nach dem Tod, in den Wassern des Styx, sucht sein Schatten weiter nach jenem Spiegelbild und besiegelt so ein Schicksal ewiger Einsamkeit.<\/p>\n<\/div><\/div>\n\n\n\n<h3 class=\"wp-block-heading\"><strong>Der Mythos von Narciss in der Natur und Etymologie: <\/strong>Die Blume der Erstarrung<strong> <\/strong><\/h3>\n\n\n\n<p class=\"has-small-font-size wp-block-paragraph\">In der Botanik spiegelt die Gattung Narcissus diese Verschlossenheit wider. Die Verbindung zur griechischen Wurzel nark\u00e8 (\u03bd\u03ac\u03c1\u03ba\u03b7, Erstarrung oder Narkose) erkl\u00e4rt die hypnotische Wirkung ihres Duftes und die Giftigkeit ihrer Zwiebeln.<\/p>\n\n\n\n<p class=\"has-small-font-size wp-block-paragraph\"><strong>Abwehr und Isolation:<\/strong> So wie Narziss die Anderen zur\u00fcckwies, nutzt die Pflanze Lycorin und Kalziumoxalat-Kristalle, um sich unber\u00fchrbar zu machen.<\/p>\n\n\n\n<p class=\"has-small-font-size wp-block-paragraph\"><strong>Die Verbindung zum Jenseits:<\/strong> F\u00fcr die Antike war sie die Blume der Persephone, ein Symbol der Grenze zwischen den Lebenden und den Toten. Wer vor der Narzisse in Verz\u00fcckung ger\u00e4t, verf\u00e4llt einem \u201eScheintod\u201c und verliert die Verbindung zur Realit\u00e4t.<\/p>\n\n\n\n<p class=\"has-background has-small-font-size wp-block-paragraph\" style=\"background-color:#95c5c3\"><strong>WUSSTEN SIE SCHON?<\/strong> <\/p>\n\n\n\n<div class=\"wp-block-media-text is-stacked-on-mobile\" style=\"grid-template-columns:30% auto\"><figure class=\"wp-block-media-text__media\"><img decoding=\"async\" src=\"https:\/\/www.mythologydecoding.com\/wp-content\/uploads\/2026\/03\/bulbo-1-1024x1024.jpg\" alt=\"\" class=\"wp-image-487 size-full\"\/><\/figure><div class=\"wp-block-media-text__content\">\n<p class=\"has-background wp-block-paragraph\" style=\"background-color:#95c5c3\"><strong>Botanik und Historiografie: Der Name einer L\u00e4hmung<\/strong><\/p>\n<\/div><\/div>\n\n\n\n<p class=\"has-text-align-left has-background wp-block-paragraph\" style=\"background-color:#95c5c3;font-size:12px\">Die Verwendung des Begriffs Narcissus in der Botanik ist in der antiken Historiografie verwurzelt (bereits von Plinius und Dioskurides erw\u00e4hnt), doch erst mit der taxonomischen Revolution von Carl von Linn\u00e9 im 18. Jahrhundert wurde die Verbindung zwischen Mythos und Wissenschaft besiegelt. <\/p>\n\n\n\n<p class=\"has-background wp-block-paragraph\" style=\"background-color:#95c5c3;font-size:12px\">Linn\u00e9 w\u00e4hlte mythologische Namen nicht nur aus mnemotechnischen Gr\u00fcnden, sondern um das biologische Wesen der Pflanze zu beschreiben: Die Morphologie der Narzisse, deren Stiel sich biegt und die Bl\u00fcte dazu zwingt, nach unten zu \u201eblicken\u201c, simuliert perfekt den Akt des J\u00fcnglings, der sich im Wasser spiegelt.Wissenschaftlich gesehen hat diese pflanzliche \u201eNarkose\u201c eine konkrete Basis: Die Familie der Amaryllidaceae hat durch Lycorin, ein giftiges Alkaloid, das als chemische Barriere gegen Fressfeinde fungiert, eine Strategie extremer Isolation entwickelt. Paradoxerweise steht genau diese Substanz, die jenes von den Alten erw\u00e4hnte \u201eTorpore\u201c (Erschlaffung) ausl\u00f6sen kann, heute im Zentrum der pharmakologischen Forschung zur Bek\u00e4mpfung des Ged\u00e4chtnisverlusts bei Alzheimer. So verwandelt sich ein Symbol des Todes in eine potenzielle Ressource f\u00fcr das Leben.<\/p>\n\n\n\n<h3 class=\"wp-block-heading\"><strong>Die Psychoanalyse: Die Maske \u00fcber die Leere \u2013 von der Definition Freuds zur modernen Sichtweise.<\/strong> <\/h3>\n\n\n\n<p class=\"has-small-font-size wp-block-paragraph\">Der psychoanalytische Wendepunkt ereignete sich 1914, als Sigmund Freud den Narzissmus als eine Besetzung des Ichs mit Libido definierte. Er schrieb:<\/p>\n\n\n\n<blockquote class=\"wp-block-quote is-layout-flow wp-block-quote-is-layout-flow\">\n<p class=\"has-small-font-size wp-block-paragraph\"><em>So erg\u00e4be sich der Narzissmus nicht als eine Perversion, sondern als die libidin\u00f6se Erg\u00e4nzung zum Egoismus des Selbsterhaltungstriebes, von dem ein St\u00fcck jedem Lebewesen mit Recht zugeschrieben wird.\u201c<\/em><\/p>\n\n\n\n<p class=\"has-small-font-size wp-block-paragraph\"> \u2014 S. Freud, Zur Einf\u00fchrung des Narzi\u00dfmus<\/p>\n<\/blockquote>\n\n\n\n<p class=\"wp-block-paragraph\" style=\"font-size:14px\">Doch w\u00e4hrend f\u00fcr Freud ein physiologischer \u201eprim\u00e4rer Narzissmus\u201c existiert, konzentriert sich die moderne Klinik auf die Pathologie des \u201ePoints of no Return\u201c: jene innere Leere (Hypo), die das Individuum dazu zwingt, eine grandiose Maske zu errichten, um nicht zu versinken. Moderne Theorien (wie jene von Christopher Lasch oder Zygmunt Bauman) sprechen von einer regelrechten \u201eKultur des Narzissmus\u201c. In dieser Perspektive treibt der Mangel (Hypo) an einem soliden Selbst das Individuum dazu, st\u00e4ndig Best\u00e4tigung in einem sozialen Spiegel aus Likes und externer Anerkennung zu suchen. Dies f\u00fchrt zur Auspr\u00e4gung von Archetypen, die wir nur zu gut kennen.<\/p>\n\n\n\n<p class=\"wp-block-paragraph\" style=\"font-size:14px\"><strong>Substanz vs. Schein:<\/strong> Die moderne Trag\u00f6die ist das Opfer der Substanz (der realen, zerbrechlichen und unvollkommenen Identit\u00e4t) zugunsten eines makellosen, aber leeren digitalen Bildes. Dies schafft einen \u201ePoint of no Return\u201c, an dem das Individuum schlie\u00dflich mit seinem \u00f6ffentlichen Profil verschmilzt und unf\u00e4hig wird, die Frustration der Realit\u00e4t zu ertragen.<\/p>\n\n\n\n<p class=\"wp-block-paragraph\" style=\"font-size:14px\"><strong>Das Echo-Syndrom heute:<\/strong> Diejenigen, die den modernen Narzissten umgeben, verwandeln sich oft in emotionale \u201eFollower\u201c \u2013 eine Erweiterung seines Bed\u00fcrfnisses nach Bewunderung, die ihre eigenen W\u00fcnsche aufgeben, um den Zauber des Spiegelbildes nicht zu brechen. Um ihn herum verschwinden all jene, die, wie die Nymphe, ihre eigene Stimme verlieren.<\/p>\n\n\n\n<p class=\"wp-block-paragraph\" style=\"font-size:14px\">Doch im Gegensatz zu Narziss kann derjenige, der im Echo lebt, umkehren und seine eigene Leere mit einer wiedergefundenen und autonomen Identit\u00e4t f\u00fcllen. In der heutigen Gesellschaft \u00fcbersetzt sich dies in das Opfer der Substanz zugunsten des digitalen Scheins. Die reale Identit\u00e4t, bestehend aus Grenzen und Unvollkommenheiten, wird verborgen, um ein perfektes, aber fragiles Bild zu n\u00e4hren, wodurch die Beziehung zum Anderen zu einer blo\u00dfen Suche nach Spiegelungen und Best\u00e4tigungen wird.<\/p>\n\n\n\n<p class=\"has-cormorant-garamond-font-family wp-block-paragraph\"><em>\u200bDiese obsessive Suche nach Best\u00e4tigung hat in der Kunst eine gnadenlose visuelle Chronik gefunden, die aufzuzeigen vermag, wie sehr sich das Spiegelbild im Laufe der Jahrhunderte gewandelt hat.<\/em><\/p>\n\n\n\n<h3 class=\"wp-block-heading\">Vom  Caravaggios &#8220;Narciss und sein Spiegelbild&#8221; bis zum Junk-Arto von <a href=\"https:\/\/it.wikipedia.org\/wiki\/Vik_Muniz\" title=\"Muniz\">Muniz<\/a><\/h3>\n\n\n\n<p class=\"wp-block-paragraph\" style=\"font-size:14px\">Die Kunst hat dieser \u201ebegehrten\u201c L\u00e4hmung Gestalt verliehen. Caravaggio malte einen Narziss, der in einem perfekten Kreis zwischen Armen und Spiegelbild gefangen ist. Nicolas Poussin bettet das Drama in eine Begr\u00e4bnislandschaft ein, in der Echo bereits zu Stein wird. John William Waterhouse dr\u00fcckt die \u00c4sthetik der pr\u00e4raffaelitischen Dekadenz aus, in der Sch\u00f6nheit ein fataler Fluch ist. Salvador Dal\u00ed dringt mit \u201eDie Metamorphose des Narziss\u201c in die reine Psychoanalyse vor und zeigt den K\u00f6rper, der sich in eine steinerne Hand verwandelt. Es ist die endg\u00fcltige Zertr\u00fcmmerung der Identit\u00e4t.<\/p>\n\n\n\n<p class=\"wp-block-paragraph\" style=\"font-size:14px\">Doch in der Moderne findet der Mythos seine brutalste und realistischste Deutung im Werk des brasilianischen K\u00fcnstlers Vik Muniz: Vom \u201eunbeweglichen\u201c Stein Dal\u00eds gelangen wir zu den \u201eAbf\u00e4llen\u201c unserer modernen Gesellschaft. Ich war wie elektrisiert und seltsam benommen vor einem seiner Werke, das eine \u201eallzu vertraute\u201c Aura ausstrahlte. Die Serie \u201ePictures of Junk\u201c (Bilder aus M\u00fcll), entstanden zwischen 2005 und 2006, nahm an einem ganz besonderen Ort ihren Anfang: Jardim Gramacho, damals eine der weltweit gr\u00f6\u00dften offenen M\u00fclldeponien am Rande von Rio de Janeiro.<\/p>\n\n\n\n<p class=\"wp-block-paragraph\" style=\"font-size:14px\">Der brasilianische K\u00fcnstler f\u00fchrt den Diskurs zu seinen extremsten Konsequenzen. Indem er Caravaggios Narziss aus Tonnen von M\u00fcll nachbildet, macht Muniz das Paradoxon des modernen Narzissmus sichtbar: Das Bild, das wir bewundern, ist nur aus der Ferne makellos. Tritt man n\u00e4her heran, erkennt man, dass jenes \u201eg\u00f6ttliche\u201c Spiegelbild aus Abfallfragmenten besteht \u2013 \u00dcberreste einer Konsumgesellschaft, die ihre Substanz verloren hat. Es ist die visuelle Darstellung der Leere, die Freud bereits ahnte: Ein Selbst, das, um sein eigenes Image zu bewahren, schlie\u00dflich zu medialem M\u00fcll wird.<\/p>\n\n\n\n<p class=\"has-cormorant-garamond-font-family wp-block-paragraph\"><em>Ich lade somit dazu ein, zu bewundern, wohin uns die Kultur des Narzissmus f\u00fchren kann \u2013 oder vielmehr: wohin sie uns bereits gef\u00fchrt hat.<\/em><\/p>","protected":false},"excerpt":{"rendered":"<p>Was verbindet Ovids Metamorphosen mit der modernen Selfie-Kultur? \ud83e\udd33 Von Caravaggios perfektem Kreis bis hin zu Vik Muniz\u2019 \u201eNarziss aus M\u00fcll\u201c \u2013 eine Reise durch Kunst und Psychoanalyse, um den Zauber des Nichts zu verstehen. Warum suchen wir uns selbst in einem Spiegelbild ohne Substanz? \ud83d\udd0d Erfahren Sie mehr \u00fcber die Trag\u00f6die der absoluten Isolation.<\/p>","protected":false},"author":1,"featured_media":480,"comment_status":"open","ping_status":"open","sticky":false,"template":"","format":"standard","meta":{"_monsterinsights_skip_tracking":false,"_jetpack_newsletter_access":"","_jetpack_dont_email_post_to_subs":false,"_jetpack_newsletter_tier_id":0,"_jetpack_memberships_contains_paywalled_content":false,"_jetpack_feature_clip_id":0,"_jetpack_memberships_contains_paid_content":false,"footnotes":"","jetpack_publicize_message":"Narziss und das Echo der Leere: Warum uns ein antiker Mythos heute den Spiegel vorh\u00e4lt \n\nHaben Sie sich jemals gefragt, warum wir in einer \u00c4ra der totalen digitalen Vernetzung oft eine so tiefe, innere Isolation sp\u00fcren? Die Antwort liegt vielleicht nicht in unseren Breitbandverbindungen, sondern in einer Geschichte, die \u00fcber 2.000 Jahre alt ist: Der Mythos von Narziss und Echo.\n\nIn meinem neuesten Artikel untersuche ich die \u201eTrag\u00f6die des absoluten Stillstands\u201c. Es ist keine einfache Geschichte \u00fcber Eitelkeit oder Stolz. Es ist die Analyse einer L\u00e4hmung, die uns alle betrifft.\n\n1. Die Botanik der Erstarrung \ud83c\udf38\nWussten Sie, dass der Name \u201eNarzisse\u201c direkt vom griechischen nark\u00e8 abstammt? Dasselbe Wort, das uns den Begriff \u201eNarkose\u201c schenkte. Die Pflanze selbst ist eine chemische Festung: Mit giftigen Alkaloiden wie Lycorin sch\u00fctzt sie sich vor der Au\u00dfenwelt. Genau wie der moderne Narzissmus ist sie wundersch\u00f6n anzusehen, aber unber\u00fchrbar und isoliert. Ein Symbol f\u00fcr eine Sch\u00f6nheit, die nicht kommuniziert, sondern nur abwehrt.\n\n2. Die psychoanalytische Maske: Freud und die Moderne \ud83e\udde0\nSigmund Freud definierte den Narzissmus 1914 als eine Besetzung des Ichs mit Libido. Doch die moderne Psychologie geht weiter. Heute sprechen wir mit Denkern wie Christopher Lasch oder Zygmunt Bauman von einer regelrechten \u201eKultur des Narzissmus\u201c. Es ist die Flucht vor einer inneren Leere. Wir bauen uns digitale Kathedralen aus Likes und Filtern, um zu kaschieren, dass das Fundament \u2013 unser wahres, fragiles Selbst \u2013 br\u00fcchig ist. Wir opfern unsere Substanz f\u00fcr ein makelloses, aber hohles Image.\n\n3. Von Caravaggio zu Vik Muniz: Die Kunst der T\u00e4uschung \ud83c\udfa8\nDie Kunstgeschichte ist die Chronik dieses Ph\u00e4nomens. W\u00e4hrend Caravaggio uns die hypnotische Symmetrie der Selbstliebe zeigt, f\u00fchrt uns der brasilianische K\u00fcnstler Vik Muniz zur bitteren Wahrheit der Moderne. In seiner Serie \u201ePictures of Junk\u201c rekonstruirt er Caravaggios Narziss aus Tonnen von M\u00fcll.\n\nDas ist das Paradoxon unserer Zeit: Aus der Ferne betrachtet wirkt unser digitales Image g\u00f6ttlich. \ud83d\udc49 Lesen Sie den vollst\u00e4ndigen Artikel hier:","jetpack_publicize_feature_enabled":true,"jetpack_social_post_already_shared":true,"jetpack_social_options":{"image_generator_settings":{"template":"highway","default_image_id":0,"font":"","enabled":false},"version":2},"jetpack_post_was_ever_published":false},"categories":[32,112],"tags":[],"class_list":["post-478","post","type-post","status-publish","format-standard","has-post-thumbnail","hentry","category-mitologia-in-pillole","category-deutsch"],"aioseo_notices":[],"aioseo_head":"\n\t\t<!-- All in One SEO 5.0.1.1 - aioseo.com -->\n\t<meta name=\"description\" content=\"Von Ovid bis Freud und Vik Muniz: Entdecken Sie die tiefe Bedeutung des Narzissmus-Mythos, die Psychologie der Leere und die moderne digitale Identit\u00e4t.\" \/>\n\t<meta name=\"robots\" content=\"max-image-preview:large\" \/>\n\t<meta name=\"author\" content=\"Veronica\"\/>\n\t<meta name=\"p:domain_verify\" content=\"a84b38c94d6a10b53cc20429f962fd13\" \/>\n\t<link rel=\"canonical\" href=\"https:\/\/www.mythologydecoding.com\/en\/de-mythos-von-narziss-die-tragodie-der-leere\/\" \/>\n\t<meta name=\"generator\" content=\"All in One SEO (AIOSEO) 5.0.1.1\" \/>\n\t\t<meta property=\"og:locale\" content=\"en_US\" \/>\n\t\t<meta property=\"og:site_name\" content=\"Mythology Decoding - Dall&#039;archeologia al simbolo: il mito riflesso nella quotidianit\u00e0\" \/>\n\t\t<meta property=\"og:type\" content=\"article\" \/>\n\t\t<meta property=\"og:title\" content=\"Narziss das Spiegelbild der Leere: Vom Mythos zur digitalen Maske\" \/>\n\t\t<meta property=\"og:description\" content=\"Vom Ovid-Mythos \u00fcber Caravaggio bis zum &quot;M\u00fcll&quot; von Vik Muniz. Wie Narzissmus von Magie zu digitaler Leere wird. Eine Reise durch Kunst und Psychoanalyse.\" \/>\n\t\t<meta property=\"og:url\" content=\"https:\/\/www.mythologydecoding.com\/en\/de-mythos-von-narziss-die-tragodie-der-leere\/\" \/>\n\t\t<meta property=\"og:image\" content=\"https:\/\/www.mythologydecoding.com\/wp-content\/uploads\/2026\/03\/narciso-bassorilievo-1.jpg\" \/>\n\t\t<meta property=\"og:image:secure_url\" content=\"https:\/\/www.mythologydecoding.com\/wp-content\/uploads\/2026\/03\/narciso-bassorilievo-1.jpg\" \/>\n\t\t<meta property=\"og:image:width\" content=\"2250\" \/>\n\t\t<meta property=\"og:image:height\" content=\"2500\" \/>\n\t\t<meta property=\"article:tag\" content=\"narciso\" \/>\n\t\t<meta property=\"article:tag\" content=\"narcisismo\" \/>\n\t\t<meta property=\"article:tag\" content=\"amore per se\" \/>\n\t\t<meta property=\"article:tag\" content=\"eco\" \/>\n\t\t<meta property=\"article:tag\" content=\"riflesso\" \/>\n\t\t<meta property=\"article:tag\" content=\"mito\" \/>\n\t\t<meta property=\"article:tag\" content=\"psicologia\" \/>\n\t\t<meta property=\"article:published_time\" content=\"2026-03-07T10:00:33+00:00\" \/>\n\t\t<meta property=\"article:modified_time\" content=\"2026-03-07T06:51:38+00:00\" \/>\n\t\t<meta name=\"twitter:card\" content=\"summary_large_image\" \/>\n\t\t<meta name=\"twitter:title\" content=\"Narziss das Spiegelbild der Leere: Vom Mythos zur digitalen Maske\" \/>\n\t\t<meta name=\"twitter:description\" content=\"Vom Ovid-Mythos \u00fcber Caravaggio bis zum &quot;M\u00fcll&quot; von Vik Muniz. Wie Narzissmus von Magie zu digitaler Leere wird. Eine Reise durch Kunst und Psychoanalyse.\" \/>\n\t\t<meta name=\"twitter:image\" content=\"https:\/\/www.mythologydecoding.com\/wp-content\/uploads\/2026\/03\/narciso-bassorilievo-1.jpg\" \/>\n\t\t<script type=\"application\/ld+json\" class=\"aioseo-schema\">\n\t\t\t{\"@context\":\"https:\\\/\\\/schema.org\",\"@graph\":[{\"@type\":\"BlogPosting\",\"@id\":\"https:\\\/\\\/www.mythologydecoding.com\\\/en\\\/de-mythos-von-narziss-die-tragodie-der-leere\\\/#blogposting\",\"name\":\"Der Mythos von Narziss: Psychologie, Kunst und die Leere\",\"headline\":\"[DE]Der Mythos von Narziss und Echo: Die Trag\\u00f6die der Leere\",\"author\":{\"@id\":\"https:\\\/\\\/www.mythologydecoding.com\\\/en\\\/author\\\/wp_19479076\\\/#author\"},\"publisher\":{\"@id\":\"https:\\\/\\\/www.mythologydecoding.com\\\/en\\\/#organization\"},\"image\":{\"@type\":\"ImageObject\",\"url\":\"https:\\\/\\\/www.mythologydecoding.com\\\/wp-content\\\/uploads\\\/2026\\\/03\\\/narciso-bassorilievo-1.jpg\",\"width\":2250,\"height\":2500},\"datePublished\":\"2026-03-07T11:00:33+01:00\",\"dateModified\":\"2026-03-07T07:51:38+01:00\",\"inLanguage\":\"en-US\",\"mainEntityOfPage\":{\"@id\":\"https:\\\/\\\/www.mythologydecoding.com\\\/en\\\/de-mythos-von-narziss-die-tragodie-der-leere\\\/#webpage\"},\"isPartOf\":{\"@id\":\"https:\\\/\\\/www.mythologydecoding.com\\\/en\\\/de-mythos-von-narziss-die-tragodie-der-leere\\\/#webpage\"},\"articleSection\":\"MITOLOGIA IN PILLOLE, Mythos auf Deutsch\"},{\"@type\":\"BreadcrumbList\",\"@id\":\"https:\\\/\\\/www.mythologydecoding.com\\\/en\\\/de-mythos-von-narziss-die-tragodie-der-leere\\\/#breadcrumblist\",\"itemListElement\":[{\"@type\":\"ListItem\",\"@id\":\"https:\\\/\\\/www.mythologydecoding.com\\\/en#listItem\",\"position\":1,\"name\":\"Home\",\"item\":\"https:\\\/\\\/www.mythologydecoding.com\\\/en\",\"nextItem\":{\"@type\":\"ListItem\",\"@id\":\"https:\\\/\\\/www.mythologydecoding.com\\\/en\\\/category\\\/mitologia-in-pillole\\\/#listItem\",\"name\":\"MITOLOGIA IN PILLOLE\"}},{\"@type\":\"ListItem\",\"@id\":\"https:\\\/\\\/www.mythologydecoding.com\\\/en\\\/category\\\/mitologia-in-pillole\\\/#listItem\",\"position\":2,\"name\":\"MITOLOGIA IN PILLOLE\",\"item\":\"https:\\\/\\\/www.mythologydecoding.com\\\/en\\\/category\\\/mitologia-in-pillole\\\/\",\"nextItem\":{\"@type\":\"ListItem\",\"@id\":\"https:\\\/\\\/www.mythologydecoding.com\\\/en\\\/de-mythos-von-narziss-die-tragodie-der-leere\\\/#listItem\",\"name\":\"[DE]Der Mythos von Narziss und Echo: Die Trag\\u00f6die der Leere\"},\"previousItem\":{\"@type\":\"ListItem\",\"@id\":\"https:\\\/\\\/www.mythologydecoding.com\\\/en#listItem\",\"name\":\"Home\"}},{\"@type\":\"ListItem\",\"@id\":\"https:\\\/\\\/www.mythologydecoding.com\\\/en\\\/de-mythos-von-narziss-die-tragodie-der-leere\\\/#listItem\",\"position\":3,\"name\":\"[DE]Der Mythos von Narziss und Echo: Die Trag\\u00f6die der Leere\",\"previousItem\":{\"@type\":\"ListItem\",\"@id\":\"https:\\\/\\\/www.mythologydecoding.com\\\/en\\\/category\\\/mitologia-in-pillole\\\/#listItem\",\"name\":\"MITOLOGIA IN PILLOLE\"}}]},{\"@type\":\"Organization\",\"@id\":\"https:\\\/\\\/www.mythologydecoding.com\\\/en\\\/#organization\",\"name\":\"Mythology Decoding\",\"description\":\"Dall'archeologia al simbolo: il mito riflesso nella quotidianit\\u00e0\",\"url\":\"https:\\\/\\\/www.mythologydecoding.com\\\/en\\\/\"},{\"@type\":\"Person\",\"@id\":\"https:\\\/\\\/www.mythologydecoding.com\\\/en\\\/author\\\/wp_19479076\\\/#author\",\"url\":\"https:\\\/\\\/www.mythologydecoding.com\\\/en\\\/author\\\/wp_19479076\\\/\",\"name\":\"Veronica\",\"image\":{\"@type\":\"ImageObject\",\"@id\":\"https:\\\/\\\/www.mythologydecoding.com\\\/en\\\/de-mythos-von-narziss-die-tragodie-der-leere\\\/#authorImage\",\"url\":\"https:\\\/\\\/secure.gravatar.com\\\/avatar\\\/27f54f9be94809cd81b8e8c1f33c98562c58e38cf0ea287858cdd504023e3be4?s=96&d=mm&r=g\",\"width\":96,\"height\":96,\"caption\":\"Veronica\"}},{\"@type\":\"WebPage\",\"@id\":\"https:\\\/\\\/www.mythologydecoding.com\\\/en\\\/de-mythos-von-narziss-die-tragodie-der-leere\\\/#webpage\",\"url\":\"https:\\\/\\\/www.mythologydecoding.com\\\/en\\\/de-mythos-von-narziss-die-tragodie-der-leere\\\/\",\"name\":\"Der Mythos von Narziss: Psychologie, Kunst und die Leere\",\"description\":\"Von Ovid bis Freud und Vik Muniz: Entdecken Sie die tiefe Bedeutung des Narzissmus-Mythos, die Psychologie der Leere und die moderne digitale Identit\\u00e4t.\",\"inLanguage\":\"en-US\",\"isPartOf\":{\"@id\":\"https:\\\/\\\/www.mythologydecoding.com\\\/en\\\/#website\"},\"breadcrumb\":{\"@id\":\"https:\\\/\\\/www.mythologydecoding.com\\\/en\\\/de-mythos-von-narziss-die-tragodie-der-leere\\\/#breadcrumblist\"},\"author\":{\"@id\":\"https:\\\/\\\/www.mythologydecoding.com\\\/en\\\/author\\\/wp_19479076\\\/#author\"},\"creator\":{\"@id\":\"https:\\\/\\\/www.mythologydecoding.com\\\/en\\\/author\\\/wp_19479076\\\/#author\"},\"image\":{\"@type\":\"ImageObject\",\"url\":\"https:\\\/\\\/www.mythologydecoding.com\\\/wp-content\\\/uploads\\\/2026\\\/03\\\/narciso-bassorilievo-1.jpg\",\"@id\":\"https:\\\/\\\/www.mythologydecoding.com\\\/en\\\/de-mythos-von-narziss-die-tragodie-der-leere\\\/#mainImage\",\"width\":2250,\"height\":2500},\"primaryImageOfPage\":{\"@id\":\"https:\\\/\\\/www.mythologydecoding.com\\\/en\\\/de-mythos-von-narziss-die-tragodie-der-leere\\\/#mainImage\"},\"datePublished\":\"2026-03-07T11:00:33+01:00\",\"dateModified\":\"2026-03-07T07:51:38+01:00\"},{\"@type\":\"WebSite\",\"@id\":\"https:\\\/\\\/www.mythologydecoding.com\\\/en\\\/#website\",\"url\":\"https:\\\/\\\/www.mythologydecoding.com\\\/en\\\/\",\"name\":\"Mythology Decoding\",\"description\":\"Dall'archeologia al simbolo: il mito riflesso nella quotidianit\\u00e0\",\"inLanguage\":\"en-US\",\"publisher\":{\"@id\":\"https:\\\/\\\/www.mythologydecoding.com\\\/en\\\/#organization\"}}]}\n\t\t<\/script>\n\t\t<!-- All in One SEO -->\n\n","aioseo_head_json":{"title":"Der Mythos von Narziss: Psychologie, Kunst und die Leere","description":"Von Ovid bis Freud und Vik Muniz: Entdecken Sie die tiefe Bedeutung des Narzissmus-Mythos, die Psychologie der Leere und die moderne digitale Identit\u00e4t.","canonical_url":"https:\/\/www.mythologydecoding.com\/en\/de-mythos-von-narziss-die-tragodie-der-leere\/","robots":"max-image-preview:large","keywords":"","webmasterTools":{"p:domain_verify":"a84b38c94d6a10b53cc20429f962fd13","miscellaneous":""},"schema":{"@context":"https:\/\/schema.org","@graph":[{"@type":"BlogPosting","@id":"https:\/\/www.mythologydecoding.com\/en\/de-mythos-von-narziss-die-tragodie-der-leere\/#blogposting","name":"Der Mythos von Narziss: Psychologie, Kunst und die Leere","headline":"[DE]Der Mythos von Narziss und Echo: Die Trag\u00f6die der Leere","author":{"@id":"https:\/\/www.mythologydecoding.com\/en\/author\/wp_19479076\/#author"},"publisher":{"@id":"https:\/\/www.mythologydecoding.com\/en\/#organization"},"image":{"@type":"ImageObject","url":"https:\/\/www.mythologydecoding.com\/wp-content\/uploads\/2026\/03\/narciso-bassorilievo-1.jpg","width":2250,"height":2500},"datePublished":"2026-03-07T11:00:33+01:00","dateModified":"2026-03-07T07:51:38+01:00","inLanguage":"en-US","mainEntityOfPage":{"@id":"https:\/\/www.mythologydecoding.com\/en\/de-mythos-von-narziss-die-tragodie-der-leere\/#webpage"},"isPartOf":{"@id":"https:\/\/www.mythologydecoding.com\/en\/de-mythos-von-narziss-die-tragodie-der-leere\/#webpage"},"articleSection":"MITOLOGIA IN PILLOLE, Mythos auf Deutsch"},{"@type":"BreadcrumbList","@id":"https:\/\/www.mythologydecoding.com\/en\/de-mythos-von-narziss-die-tragodie-der-leere\/#breadcrumblist","itemListElement":[{"@type":"ListItem","@id":"https:\/\/www.mythologydecoding.com\/en#listItem","position":1,"name":"Home","item":"https:\/\/www.mythologydecoding.com\/en","nextItem":{"@type":"ListItem","@id":"https:\/\/www.mythologydecoding.com\/en\/category\/mitologia-in-pillole\/#listItem","name":"MITOLOGIA IN PILLOLE"}},{"@type":"ListItem","@id":"https:\/\/www.mythologydecoding.com\/en\/category\/mitologia-in-pillole\/#listItem","position":2,"name":"MITOLOGIA IN PILLOLE","item":"https:\/\/www.mythologydecoding.com\/en\/category\/mitologia-in-pillole\/","nextItem":{"@type":"ListItem","@id":"https:\/\/www.mythologydecoding.com\/en\/de-mythos-von-narziss-die-tragodie-der-leere\/#listItem","name":"[DE]Der Mythos von Narziss und Echo: Die Trag\u00f6die der Leere"},"previousItem":{"@type":"ListItem","@id":"https:\/\/www.mythologydecoding.com\/en#listItem","name":"Home"}},{"@type":"ListItem","@id":"https:\/\/www.mythologydecoding.com\/en\/de-mythos-von-narziss-die-tragodie-der-leere\/#listItem","position":3,"name":"[DE]Der Mythos von Narziss und Echo: Die Trag\u00f6die der Leere","previousItem":{"@type":"ListItem","@id":"https:\/\/www.mythologydecoding.com\/en\/category\/mitologia-in-pillole\/#listItem","name":"MITOLOGIA IN PILLOLE"}}]},{"@type":"Organization","@id":"https:\/\/www.mythologydecoding.com\/en\/#organization","name":"Mythology Decoding","description":"Dall'archeologia al simbolo: il mito riflesso nella quotidianit\u00e0","url":"https:\/\/www.mythologydecoding.com\/en\/"},{"@type":"Person","@id":"https:\/\/www.mythologydecoding.com\/en\/author\/wp_19479076\/#author","url":"https:\/\/www.mythologydecoding.com\/en\/author\/wp_19479076\/","name":"Veronica","image":{"@type":"ImageObject","@id":"https:\/\/www.mythologydecoding.com\/en\/de-mythos-von-narziss-die-tragodie-der-leere\/#authorImage","url":"https:\/\/secure.gravatar.com\/avatar\/27f54f9be94809cd81b8e8c1f33c98562c58e38cf0ea287858cdd504023e3be4?s=96&d=mm&r=g","width":96,"height":96,"caption":"Veronica"}},{"@type":"WebPage","@id":"https:\/\/www.mythologydecoding.com\/en\/de-mythos-von-narziss-die-tragodie-der-leere\/#webpage","url":"https:\/\/www.mythologydecoding.com\/en\/de-mythos-von-narziss-die-tragodie-der-leere\/","name":"Der Mythos von Narziss: Psychologie, Kunst und die Leere","description":"Von Ovid bis Freud und Vik Muniz: Entdecken Sie die tiefe Bedeutung des Narzissmus-Mythos, die Psychologie der Leere und die moderne digitale Identit\u00e4t.","inLanguage":"en-US","isPartOf":{"@id":"https:\/\/www.mythologydecoding.com\/en\/#website"},"breadcrumb":{"@id":"https:\/\/www.mythologydecoding.com\/en\/de-mythos-von-narziss-die-tragodie-der-leere\/#breadcrumblist"},"author":{"@id":"https:\/\/www.mythologydecoding.com\/en\/author\/wp_19479076\/#author"},"creator":{"@id":"https:\/\/www.mythologydecoding.com\/en\/author\/wp_19479076\/#author"},"image":{"@type":"ImageObject","url":"https:\/\/www.mythologydecoding.com\/wp-content\/uploads\/2026\/03\/narciso-bassorilievo-1.jpg","@id":"https:\/\/www.mythologydecoding.com\/en\/de-mythos-von-narziss-die-tragodie-der-leere\/#mainImage","width":2250,"height":2500},"primaryImageOfPage":{"@id":"https:\/\/www.mythologydecoding.com\/en\/de-mythos-von-narziss-die-tragodie-der-leere\/#mainImage"},"datePublished":"2026-03-07T11:00:33+01:00","dateModified":"2026-03-07T07:51:38+01:00"},{"@type":"WebSite","@id":"https:\/\/www.mythologydecoding.com\/en\/#website","url":"https:\/\/www.mythologydecoding.com\/en\/","name":"Mythology Decoding","description":"Dall'archeologia al simbolo: il mito riflesso nella quotidianit\u00e0","inLanguage":"en-US","publisher":{"@id":"https:\/\/www.mythologydecoding.com\/en\/#organization"}}]},"og:locale":"en_US","og:site_name":"Mythology Decoding - Dall'archeologia al simbolo: il mito riflesso nella quotidianit\u00e0","og:type":"article","og:title":"Narziss das Spiegelbild der Leere: Vom Mythos zur digitalen Maske","og:description":"Vom Ovid-Mythos \u00fcber Caravaggio bis zum &quot;M\u00fcll&quot; von Vik Muniz. Wie Narzissmus von Magie zu digitaler Leere wird. Eine Reise durch Kunst und Psychoanalyse.","og:url":"https:\/\/www.mythologydecoding.com\/en\/de-mythos-von-narziss-die-tragodie-der-leere\/","og:image":"https:\/\/www.mythologydecoding.com\/wp-content\/uploads\/2026\/03\/narciso-bassorilievo-1.jpg","og:image:secure_url":"https:\/\/www.mythologydecoding.com\/wp-content\/uploads\/2026\/03\/narciso-bassorilievo-1.jpg","og:image:width":"2250","og:image:height":"2500","article:tag":["narciso","narcisismo","amore per se","eco","riflesso","mito","psicologia"],"article:published_time":"2026-03-07T10:00:33+00:00","article:modified_time":"2026-03-07T06:51:38+00:00","twitter:card":"summary_large_image","twitter:title":"Narziss das Spiegelbild der Leere: Vom Mythos zur digitalen Maske","twitter:description":"Vom Ovid-Mythos \u00fcber Caravaggio bis zum &quot;M\u00fcll&quot; von Vik Muniz. Wie Narzissmus von Magie zu digitaler Leere wird. Eine Reise durch Kunst und Psychoanalyse.","twitter:image":"https:\/\/www.mythologydecoding.com\/wp-content\/uploads\/2026\/03\/narciso-bassorilievo-1.jpg"},"aioseo_meta_data":{"post_id":"478","title":"Der Mythos von Narziss: Psychologie, Kunst und die Leere","description":"Von Ovid bis Freud und Vik Muniz: Entdecken Sie die tiefe Bedeutung des Narzissmus-Mythos, die Psychologie der Leere und die moderne digitale Identit\u00e4t.","keywords":null,"keyphrases":{"focus":{"keyphrase":"","score":0,"analysis":{"keyphraseInTitle":{"score":0,"maxScore":9,"error":1}}},"additional":[]},"primary_term":null,"canonical_url":null,"og_title":"Narziss das Spiegelbild der Leere: Vom Mythos zur digitalen Maske","og_description":"Vom Ovid-Mythos \u00fcber Caravaggio bis zum \"M\u00fcll\" von Vik Muniz. Wie Narzissmus von Magie zu digitaler Leere wird. Eine Reise durch Kunst und Psychoanalyse.","og_object_type":"article","og_image_type":"featured","og_image_url":"https:\/\/www.mythologydecoding.com\/wp-content\/uploads\/2026\/03\/narciso-bassorilievo-1.jpg","og_image_width":"2250","og_image_height":"2500","og_image_custom_url":null,"og_image_custom_fields":null,"og_video":"","og_custom_url":null,"og_article_section":null,"og_article_tags":[{"label":"narciso","value":"narciso"},{"label":"narcisismo","value":"narcisismo"},{"label":"amore per se","value":"amore per se"},{"label":"eco","value":"eco"},{"label":"riflesso","value":"riflesso"},{"label":"mito","value":"mito"},{"label":"psicologia","value":"psicologia"}],"twitter_use_og":false,"twitter_card":"default","twitter_image_type":"default","twitter_image_url":null,"twitter_image_custom_url":null,"twitter_image_custom_fields":null,"twitter_title":null,"twitter_description":null,"schema":{"blockGraphs":[],"customGraphs":[],"default":{"data":{"Article":[],"Course":[],"Dataset":[],"FAQPage":[],"Movie":[],"Person":[],"Product":[],"ProductReview":[],"Car":[],"Recipe":[],"Service":[],"SoftwareApplication":[],"WebPage":[]},"graphName":"BlogPosting","isEnabled":true},"graphs":[]},"schema_type":"default","schema_type_options":null,"pillar_content":false,"robots_default":true,"robots_noindex":false,"robots_noarchive":false,"robots_nosnippet":false,"robots_nofollow":false,"robots_noimageindex":false,"robots_noodp":false,"robots_notranslate":false,"robots_max_snippet":"-1","robots_max_videopreview":"-1","robots_max_imagepreview":"large","priority":null,"frequency":"default","local_seo":null,"breadcrumb_settings":null,"limit_modified_date":false,"ai":{"faqs":[],"keyPoints":[],"titles":[],"descriptions":[],"socialPosts":{"email":[],"linkedin":[],"twitter":[],"facebook":[],"instagram":[]}},"created":"2026-03-06 13:07:28","updated":"2026-03-07 10:18:15","seo_analyzer_scan_date":null,"focus_keyword":null,"additional_keywords":null,"truseo_locale":null},"aioseo_breadcrumb":"<div class=\"aioseo-breadcrumbs\"><span class=\"aioseo-breadcrumb\">\n\t\t\t<a href=\"https:\/\/www.mythologydecoding.com\/en\" title=\"Home\">Home<\/a>\n\t\t<\/span><span class=\"aioseo-breadcrumb-separator\">&raquo;<\/span><span class=\"aioseo-breadcrumb\">\n\t\t\t<a href=\"https:\/\/www.mythologydecoding.com\/en\/category\/mitologia-in-pillole\/\" title=\"MITOLOGIA IN PILLOLE\">MITOLOGIA IN PILLOLE<\/a>\n\t\t<\/span><span class=\"aioseo-breadcrumb-separator\">&raquo;<\/span><span class=\"aioseo-breadcrumb\">\n\t\t\t[DE]Der Mythos von Narziss und Echo: Die Trag\u00f6die der Leere\n\t\t<\/span><\/div>","aioseo_breadcrumb_json":[{"label":"Home","link":"https:\/\/www.mythologydecoding.com\/en"},{"label":"MITOLOGIA IN PILLOLE","link":"https:\/\/www.mythologydecoding.com\/en\/category\/mitologia-in-pillole\/"},{"label":"[DE]Der Mythos von Narziss und Echo: Die Trag\u00f6die der Leere","link":"https:\/\/www.mythologydecoding.com\/en\/de-mythos-von-narziss-die-tragodie-der-leere\/"}],"jetpack_publicize_connections":[],"jetpack_sharing_enabled":true,"jetpack_featured_media_url":"https:\/\/www.mythologydecoding.com\/wp-content\/uploads\/2026\/03\/narciso-bassorilievo-1.jpg","_links":{"self":[{"href":"https:\/\/www.mythologydecoding.com\/en\/wp-json\/wp\/v2\/posts\/478","targetHints":{"allow":["GET"]}}],"collection":[{"href":"https:\/\/www.mythologydecoding.com\/en\/wp-json\/wp\/v2\/posts"}],"about":[{"href":"https:\/\/www.mythologydecoding.com\/en\/wp-json\/wp\/v2\/types\/post"}],"author":[{"embeddable":true,"href":"https:\/\/www.mythologydecoding.com\/en\/wp-json\/wp\/v2\/users\/1"}],"replies":[{"embeddable":true,"href":"https:\/\/www.mythologydecoding.com\/en\/wp-json\/wp\/v2\/comments?post=478"}],"version-history":[{"count":6,"href":"https:\/\/www.mythologydecoding.com\/en\/wp-json\/wp\/v2\/posts\/478\/revisions"}],"predecessor-version":[{"id":488,"href":"https:\/\/www.mythologydecoding.com\/en\/wp-json\/wp\/v2\/posts\/478\/revisions\/488"}],"wp:featuredmedia":[{"embeddable":true,"href":"https:\/\/www.mythologydecoding.com\/en\/wp-json\/wp\/v2\/media\/480"}],"wp:attachment":[{"href":"https:\/\/www.mythologydecoding.com\/en\/wp-json\/wp\/v2\/media?parent=478"}],"wp:term":[{"taxonomy":"category","embeddable":true,"href":"https:\/\/www.mythologydecoding.com\/en\/wp-json\/wp\/v2\/categories?post=478"},{"taxonomy":"post_tag","embeddable":true,"href":"https:\/\/www.mythologydecoding.com\/en\/wp-json\/wp\/v2\/tags?post=478"}],"curies":[{"name":"wp","href":"https:\/\/api.w.org\/{rel}","templated":true}]}}