{"id":787,"date":"2026-08-22T18:00:00","date_gmt":"2026-08-22T17:00:00","guid":{"rendered":"https:\/\/www.mythologydecoding.com\/?p=787"},"modified":"2026-08-15T06:19:53","modified_gmt":"2026-08-15T05:19:53","slug":"storia-della-domenica","status":"publish","type":"post","link":"https:\/\/www.mythologydecoding.com\/en\/storia-della-domenica\/","title":{"rendered":"La stravagante storia della nostra settimana"},"content":{"rendered":"<h2 class=\"wp-block-heading\">Perch\u00e9 solo la Domenica ha perso il suo dio?<\/h2>\n\n\n\n<p class=\"has-small-font-size wp-block-paragraph\"><em>Se osserviamo i sette giorni della settimana nelle lingue romanze come l&#8217;italiano, notiamo una regolarit\u00e0 quasi perfetta. Dal luned\u00ec al venerd\u00ec continuiamo a rendere omaggio, senza accorgercene, al pantheon romano e ai corpi celesti dell&#8217;antichit\u00e0: la <strong>Luna<\/strong> (Luned\u00ec), <strong>Marte<\/strong> (Marted\u00ec), <strong>Mercury<\/strong> (Mercoled\u00ec), <strong>Giove<\/strong> (Gioved\u00ec) e <strong>Venere<\/strong> (Venerd\u00ec). Persino il Sabato, pur avendo preso il nome dall&#8217;ebraico Shabbat, nella matrice latina originale apparteneva a <strong>Saturno<\/strong> (Dies Saturni, conservato ancora oggi nell&#8217;inglese Saturday).<\/em> <em>Poi arriviamo alla <strong>Domenica<\/strong>. E la catena si spezza<\/em>.<em>Come mai solo questo giorno \u00e8 stato sottratto al suo dio originale? Per quale motivo la Chiesa dei primi secoli ha tollerato che la settimana lavorativa rimanesse intitolata alle divinit\u00e0 pagane, concentrando tutte le sue forze nel rinominare esclusivamente il giorno del riposo?<\/em><\/p>\n\n\n\n<h3 class=\"wp-block-heading\">Il &#8220;furto&#8221; al Dio Sole: perch\u00e9 solo la Domenica ha cambiato nome?<\/h3>\n\n\n\n<p class=\"has-small-font-size wp-block-paragraph\">Per capire questa scelta bisogna fare un salto indietro nel tempo, quando la Domenica non era affatto &#8220;del Signore&#8221;, ma apparteneva alla stella pi\u00f9 luminosa e potente del cielo: il <strong>Sole<\/strong>.<\/p>\n\n\n\n<p class=\"has-small-font-size wp-block-paragraph\">Nel mondo greco e nella prima astrologia ellenistica, il giorno era consacrato a <strong>Elios<\/strong>, il Titano che guidava il carro di fuoco attraverso il cielo, una figura con il tempo sovrapposta al dio olimpico <a href=\"https:\/\/www.mythologydecoding.com\/wp-content\/uploads\/2026\/07\/Gemini_Generated_Image_8cvdnr8cvdnr8cvd-e1784964869292.png\" title=\"apollo e Giacinto\"><strong>Apollo<\/strong>.<\/a> Pi\u00f9 tardi, nella Roma del II e III secolo d.C., questo culto si trasform\u00f2 in una vera e propria religione di Stato con l&#8217;affermazione del <strong>Sol Invictus<\/strong> (il &#8220;Sole Invicibile&#8221;), una divinit\u00e0 solare che rappresentava la vittoria della luce sulle tenebre e la forza dell&#8217;Impero.<\/p>\n\n\n\n<div class=\"wp-block-media-text is-stacked-on-mobile\"><figure class=\"wp-block-media-text__media\"><img loading=\"lazy\" decoding=\"async\" width=\"400\" height=\"264\" src=\"https:\/\/www.mythologydecoding.com\/wp-content\/uploads\/2026\/08\/costa-e1786557517160.jpg\" alt=\"La Domenica di Costantino\" class=\"wp-image-789 size-full\" srcset=\"https:\/\/www.mythologydecoding.com\/wp-content\/uploads\/2026\/08\/costa-e1786557517160.jpg 400w, https:\/\/www.mythologydecoding.com\/wp-content\/uploads\/2026\/08\/costa-e1786557517160-300x198.jpg 300w, https:\/\/www.mythologydecoding.com\/wp-content\/uploads\/2026\/08\/costa-e1786557517160-18x12.jpg 18w\" sizes=\"auto, (max-width: 400px) 100vw, 400px\" \/><\/figure><div class=\"wp-block-media-text__content\">\n<p class=\"has-small-font-size wp-block-paragraph\">Quando nel <strong>321 d.C.<\/strong> l&#8217;imperatore <a href=\"https:\/\/www.museicapitolini.org\/\" title=\"Costantino\">Costantino<\/a> istitu\u00ec per legge il primo giorno di riposo ufficiale dell&#8217;Impero, lo chiam\u00f2 <em>Venerabilis dies Solis<\/em> (&#8220;il venerabile giorno del Sole&#8221;). Non si trattava ancora di una festa puramente cristiana, ma di un compromesso politico e religioso perfetto: accontentava i pagani devoti al Sol Invictus e i cristiani, che da tempo si riunivano proprio nel &#8220;primo giorno della settimana&#8221; ebraica.<\/p>\n<\/div><\/div>\n\n\n\n<h3 class=\"wp-block-heading\">La sovrapposizione simbolica: la vera &#8220;Luce del Mondo&#8221;<\/h3>\n\n\n\n<p class=\"has-small-font-size wp-block-paragraph\">La Chiesa, tuttavia, non poteva accettare a lungo che il giorno consacrato alla risurrezione di Ges\u00f9 continuasse a portare il nome di una divinit\u00e0 pagana. Ma anzich\u00e9 combattere il simbolo del Sole, decise di <strong>rifletterlo<\/strong>.<\/p>\n\n\n\n<p class=\"has-small-font-size wp-block-paragraph\">I teologi dell&#8217;epoca fecero una mossa comunicativa e concettuale straordinaria:<\/p>\n\n\n\n<ol start=\"1\" class=\"wp-block-list\">\n<li class=\"has-small-font-size\">Non negarono l&#8217;importanza della luce, ma affermarono che il vero &#8220;Sole di Giustizia&#8221; e la vera &#8220;Luce del Mondo&#8221; fosse Cristo.<\/li>\n\n\n\n<li class=\"has-small-font-size\">Proprio come il Sole sorge ogni mattina sconfiggendo il buio della notte, cos\u00ec Cristo era risorto dalla morte sconfiggendo le tenebre del peccato.<\/li>\n<\/ol>\n\n\n\n<p class=\"has-small-font-size wp-block-paragraph\">Con la progressiva cristianizzazione dell&#8217;Impero, la dicitura <em>Dies Solis<\/em> fu soppressa e sostituita da <strong>Dies Dominica<\/strong> (&#8220;Giorno del Signore&#8221;).<\/p>\n\n\n\n<p class=\"has-small-font-size wp-block-paragraph\">La Chiesa scelse di combattere e vincere la sua battaglia etimologica <strong>solo su questo giorno<\/strong> perch\u00e9 la Domenica rappresentava il cuore della fede: il giorno della Risurrezione. Tollerare che il resto della settimana mantenesse i nomi dei pianeti e degli antichi dei romani era un compromesso accettabile; lasciare il giorno della Risurrezione nelle mani di Elios, Apollo o del Sol Invictus, semplicemente non lo era.<\/p>\n\n\n\n<h3 class=\"wp-block-heading\">Le lingue germaniche: tra la resistenza del Dio Sole e i compromessi del Tedesco<\/h3>\n\n\n\n<p class=\"has-small-font-size wp-block-paragraph\">Se nei paesi di lingua romanza la Chiesa \u00e8 riuscita a imporre la <em>Dies Dominica<\/em>, oltre i confini del mondo latino le cose sono andate diversamente. Le popolazioni germaniche e anglosassoni, pur convertendosi al Cristianesimo, non hanno mai abbandonato del tutto la struttura basata sui corpi celesti e sulle proprie divinit\u00e0 tradizionali.<\/p>\n\n\n\n<p class=\"has-small-font-size wp-block-paragraph\">\u00c8 cos\u00ec che sia in inglese che in tedesco la Domenica \u00e8 rimasta letteralmente il &#8220;Giorno del Sole&#8221;: <strong>Sunday<\/strong> (<em>Sun&#8217;s Day<\/em>) e <strong>Sonntag<\/strong> (<em>Tag der Sonne<\/em>).<\/p>\n\n\n\n<p class=\"has-small-font-size wp-block-paragraph\">Mentre l&#8217;inglese ha attuato un calco quasi perfetto del pantheon nordico su quello romano (sostituendo ad esempio Marte con <em>Tiw<\/em> in <strong>Tuesday<\/strong>, Odino\/Woden in <strong>Wednesday<\/strong>, Thor in <strong>Thursday<\/strong> e Frigg in <strong>Friday<\/strong>), il <strong>tedesco<\/strong> ha seguito una strada ancora pi\u00f9 complessa e affascinante, dove la politica antica e la cristianizzazione hanno lasciato segni unici:<\/p>\n\n\n\n<ul class=\"wp-block-list\">\n<li class=\"has-small-font-size\"><strong>Marted\u00ec (<em>Dienstag<\/em>):<\/strong> A differenza dell&#8217;inglese <em>Tuesday<\/em>, il termine tedesco non deriva direttamente dal nome del dio <em>Tyr<\/em>, ma da <em>Thingsus<\/em>, l&#8217;attributo della divinit\u00e0 in quanto protettrice del <strong><em>Thing<\/em><\/strong>: la storica assemblea popolare e giudiziaria delle trib\u00f9 germaniche. <em>Dienstag<\/em> \u00e8 quindi, all&#8217;origine, &#8220;il giorno dell&#8217;assemblea&#8221;.<\/li>\n\n\n\n<li class=\"has-small-font-size\"><strong>Mercoled\u00ec (<em>Mittwoch<\/em>):<\/strong> Qui la Chiesa medievale tedesca ottenne una vittoria linguistica clamorosa. Per sradicare il culto del potente dio <strong>Wodan (Odino)<\/strong> \u2014 conservato invece nell&#8217;inglese <em>Wednesday<\/em> \u2014, si decise di cancellare del tutto la divinit\u00e0 sostituendola con un&#8217;indicazione di posizione: <em>Mittwoch<\/em>, che significa letteralmente &#8220;centro della settimana&#8221; (da <em>Mitte<\/em>, centro, e <em>Woche<\/em>, settimana).<\/li>\n<\/ul>\n\n\n\n<p class=\"has-small-font-size wp-block-paragraph\">Questa scelta geografico-temporale rifletteva la visione del calendario liturgico, che considerava la Domenica come primo giorno della settimana: contando da domenica a sabato, il mercoled\u00ec cadeva infatti esattamente al quarto giorno, il centro perfetto.<\/p>\n\n\n\n<p class=\"has-small-font-size wp-block-paragraph\">Mentre il mondo neolatino ha accettato una &#8220;settimana mista&#8221; \u2014 con cinque giorni pagani e due religiosi (Sabato e Domenica) \u2014, il mondo germanico ha oscillato tra la conservazione della matrice astrologica originaria e abili stratagemmi linguistici per neutralizzare gli antichi dei.<\/p>\n\n\n\n<h3 class=\"wp-block-heading\">Il grande paradosso greco: la culla dell&#8217;Olimpo senza pi\u00f9 dei<\/h3>\n\n\n\n<p class=\"has-small-font-size wp-block-paragraph\">C&#8217;\u00e8 un dettaglio che rende questa storia ancora pi\u00f9 incredibile, ed \u00e8 forse il colpo di scena pi\u00f9 grande della nostra settimana.<\/p>\n\n\n\n<p class=\"has-small-font-size wp-block-paragraph\">L&#8217;Anatolia e la Grecia classica sono state la culla della civilt\u00e0 occidentale, il luogo in cui i miti di Zeus, Apollo, Ares e Afrodite sono nati e dove l&#8217;astronomia antica ha battezzato i giorni con i nomi dei pianeti e delle divinit\u00e0. Ci si aspetterebbe quindi che proprio il greco moderno custodisse la memoria pi\u00f9 pura e antica dell&#8217;Olimpo.<\/p>\n\n\n\n<p class=\"has-small-font-size wp-block-paragraph\">Invece accade l&#8217;esatto contrario: <strong>la Grecia \u00e8 oggi l&#8217;unico paese in Europa a non avere pi\u00f9 alcuna traccia dei suoi dei nei giorni della settimana.<\/strong><\/p>\n\n\n\n<p class=\"has-small-font-size wp-block-paragraph\">Quando l&#8217;Impero Romano d&#8217;Oriente divenne bizantino e profondamente cristiano ortodosso, la Chiesa di Costantinopoli consider\u00f2 intollerabile che la lingua di Platone e dei Vangeli continuasse a pronunciare quotidianamente i nomi delle antiche idoli pagani. Fu cos\u00ec attuata una vera e propria epurazione linguistica: l&#8217;Olimpo venne raso al suolo dal calendario.<\/p>\n\n\n\n<p class=\"has-small-font-size wp-block-paragraph\">Mentre l&#8217;Occidente neolatino conservava Marte, Mercurio e Giove nei giorni lavorativi, la Grecia sostitu\u00ec tutto con un&#8217;asettica numerazione liturgica:<\/p>\n\n\n\n<ul class=\"wp-block-list\">\n<li class=\"has-small-font-size\">Il giorno dedicato ad Ares (Marte) \u00e8 diventato <strong>Tr\u00edti<\/strong> (&#8220;il Terzo&#8221;).<\/li>\n\n\n\n<li class=\"has-small-font-size\">Il giorno di Ermes (Mercurio) \u00e8 diventato <strong>Tet\u00e1rti<\/strong> (&#8220;il Quarto&#8221;).<\/li>\n\n\n\n<li class=\"has-small-font-size\">Il giorno di Zeus (Giove) \u00e8 diventato <strong>P\u00e9mpti<\/strong> (&#8220;il Quinto&#8221;).<\/li>\n<\/ul>\n\n\n\n<p class=\"has-small-font-size wp-block-paragraph\">Un paradosso storico straordinario: noi italiani, parlando una lingua figlia del latino, continuiamo a invocare gli dei greci e romani ogni volta che diciamo &#8220;marted\u00ec&#8221; o &#8220;gioved\u00ec&#8221;, mentre nei luoghi in cui quei miti sono nati, la settimana \u00e8 diventata un semplice conto alla rovescia guidato dalla <strong>Kyriak\u00ed<\/strong> (la Domenica, il &#8220;Giorno del Signore&#8221;).<\/p>\n\n\n\n<figure class=\"wp-block-image size-large\"><img loading=\"lazy\" decoding=\"async\" width=\"1024\" height=\"559\" src=\"https:\/\/www.mythologydecoding.com\/wp-content\/uploads\/2026\/08\/Gemini_Generated_Image_d4348sd4348sd434-1024x559.png\" alt=\"\" class=\"wp-image-791\" srcset=\"https:\/\/www.mythologydecoding.com\/wp-content\/uploads\/2026\/08\/Gemini_Generated_Image_d4348sd4348sd434-1024x559.png 1024w, https:\/\/www.mythologydecoding.com\/wp-content\/uploads\/2026\/08\/Gemini_Generated_Image_d4348sd4348sd434-300x164.png 300w, https:\/\/www.mythologydecoding.com\/wp-content\/uploads\/2026\/08\/Gemini_Generated_Image_d4348sd4348sd434-768x419.png 768w, https:\/\/www.mythologydecoding.com\/wp-content\/uploads\/2026\/08\/Gemini_Generated_Image_d4348sd4348sd434-18x10.png 18w, https:\/\/www.mythologydecoding.com\/wp-content\/uploads\/2026\/08\/Gemini_Generated_Image_d4348sd4348sd434-600x327.png 600w, https:\/\/www.mythologydecoding.com\/wp-content\/uploads\/2026\/08\/Gemini_Generated_Image_d4348sd4348sd434.png 1408w\" sizes=\"auto, (max-width: 1024px) 100vw, 1024px\" \/><\/figure>\n\n\n\n<h3 class=\"wp-block-heading\">Il paradosso dei nomi di persona: Domenico<\/h3>\n\n\n\n<p class=\"has-small-font-size wp-block-paragraph\">C&#8217;\u00e8 un&#8217;ultima sottile ironia che lega la nostra settimana ai nomi che portiamo.<\/p>\n\n\n\n<p class=\"has-small-font-size wp-block-paragraph\">Tra tutti i giorni della settimana, <strong>Domenico<\/strong> \u00e8 l&#8217;unico ad essere diventato un diffusissimo nome di persona nel mondo cattolico (<em>Dominicus<\/em>, &#8220;appartenente al Signore&#8221;). Un nome reso celebre da San Domenico di Guzm\u00e1n e dal grande ordine religioso dei Domenicani da lui fondato, che ha trasformato l&#8217;aggettivo di un giorno nel simbolo di una profonda identit\u00e0 spirituale.<\/p>\n\n\n\n<p class=\"has-small-font-size wp-block-paragraph\">Esiste, a dire il vero, anche l&#8217;eccezione di <strong>Sabatino<\/strong> (e del femminile <em>Sabina\/Sabata<\/em>, legati alla tradizione ebraica dello <em>Shabbat<\/em>), ma ha una diffusione decisamente pi\u00f9 marginale e legata a tradizioni locali. Nessuno in italiano si chiama <em>Luned\u00ec<\/em>, <em>Marted\u00ec<\/em> o <em>Gioved\u00ec<\/em>.<\/p>\n\n\n\n<p class=\"has-small-font-size wp-block-paragraph\">Siamo cos\u00ec di fronte al paradosso definitivo: il giorno che in origine apparteneva alla divinit\u00e0 pi\u00f9 imponente e visibile dell&#8217;antichit\u00e0 pagana \u2014 il Sole guidato da Elios e Apollo \u2014 \u00e8 finito per diventare non solo il giorno del Dio cristiano, ma persino il nome di battesimo di Santi, frati e fedeli. Una testimonianza vivente di come la storia sappia ribaltare i simboli, trasformando l&#8217;antico <em>Dies Solis<\/em> nel nome pi\u00f9 &#8220;sacro&#8221; del nostro calendario.<\/p>\n\n\n\n<div class=\"wp-block-media-text is-stacked-on-mobile has-background\" style=\"background-color:#7db2cb\"><figure class=\"wp-block-media-text__media\"><img loading=\"lazy\" decoding=\"async\" width=\"329\" height=\"353\" src=\"https:\/\/www.mythologydecoding.com\/wp-content\/uploads\/2026\/08\/dominici.png\" alt=\"\" class=\"wp-image-788 size-full\" srcset=\"https:\/\/www.mythologydecoding.com\/wp-content\/uploads\/2026\/08\/dominici.png 329w, https:\/\/www.mythologydecoding.com\/wp-content\/uploads\/2026\/08\/dominici-280x300.png 280w, https:\/\/www.mythologydecoding.com\/wp-content\/uploads\/2026\/08\/dominici-11x12.png 11w\" sizes=\"auto, (max-width: 329px) 100vw, 329px\" \/><\/figure><div class=\"wp-block-media-text__content\">\n<h6 class=\"wp-block-heading has-text-align-right\"><strong>Curiosit\u00e0 geografica: Il &#8220;Giorno del Signore&#8221; ai Caraibi<\/strong><\/h6>\n\n\n\n<p class=\"has-small-font-size wp-block-paragraph\">La radice latina <em>Dominicus<\/em> non ha cambiato soltanto i calendari e i nomi di battesimo europei, ma \u00e8 finita persino stampata sulle mappe del Nuovo Mondo durante l&#8217;era delle esplorazioni.<\/p>\n\n\n\n<ul class=\"wp-block-list\">\n<li class=\"has-small-font-size\"><strong>Dominica:<\/strong> L&#8217;isola caraibica fu avvistata da Cristoforo Colombo il <strong>3 novembre 1493<\/strong>. Essendo una domenica, l&#8217;esploratore genovese applic\u00f2 la consuetudine navale dell&#8217;epoca e battezz\u00f2 la terra emersa semplicemente con il nome del giorno liturgico (<em>Dominica<\/em>).<\/li>\n\n\n\n<li class=\"has-small-font-size\"><strong>Santo Domingo e Repubblica Dominicana:<\/strong> La capitale dell&#8217;isola di Hispaniola fu fondata nel 1496 da Bartolomeo Colombo (fratello di Cristoforo). Il nome <em>Santo Domingo<\/em> nacque come triplo omaggio: al santo spagnolo <strong>San Domenico di Guzm\u00e1n<\/strong>, al padre dei fratelli Colombo (che si chiamava proprio Domenico) e al giorno di domenica in cui fu posata la prima pietra. Da quella citt\u00e0 deriva il nome dell&#8217;odierna <strong>Repubblica Dominicana<\/strong>.<\/li>\n<\/ul>\n\n\n\n<p class=\"has-small-font-size wp-block-paragraph\">Dalla teologia di Costantino alle rotte delle caravelle: una singola parola capace di attraversare i secoli e gli oceani.<\/p>\n<\/div><\/div>\n\n\n\n<h3 class=\"wp-block-heading\">Il paradosso della Luce e del Riposo<\/h3>\n\n\n\n<p class=\"has-small-font-size wp-block-paragraph\">Ed \u00e8 qui che si compie la metamorfosi pi\u00f9 profonda della nostra cultura. Nel mondo antico, il Sole guidato da Elios e Apollo non era una presenza statica, ma l&#8217;essenza stessa del movimento, del vigore e della vita che si rinnova ogni mattina. Solcare il cielo sul carro fiammeggiante non era un peso o un obbligo, bens\u00ec la natura divina di chi, muovendosi senza sosta, dona luce ed esistenza a tutto ci\u00f2 che tocca.<\/p>\n\n\n\n<p class=\"has-small-font-size wp-block-paragraph\">Il vero, affascinante cortocircuito storico sta proprio in questo passaggio di testimone: il giorno dedicato a chi per sua stessa essenza non si fermava mai, portando la vita attraverso il movimento, \u00e8 diventato il giorno in cui tutto il mondo sceglie di fermarsi. Il dinamismo vitale del Sole pagano si \u00e8 fuso con la pausa sacra del Signore, trasformando la corsa eterna della luce nel giorno del riposo, della riflessione e della contemplazione.<\/p>\n\n\n\n<p class=\"wp-block-paragraph\"><\/p>","protected":false},"excerpt":{"rendered":"<p>Perch\u00e9 solo la Domenica ha perso il suo dio? Se osserviamo i sette giorni della settimana nelle lingue romanze come l&#8217;italiano, notiamo una regolarit\u00e0 quasi perfetta. Dal luned\u00ec al venerd\u00ec continuiamo a rendere omaggio, senza accorgercene, al pantheon romano e ai corpi celesti dell&#8217;antichit\u00e0: la Luna (Luned\u00ec), Marte (Marted\u00ec), Mercurio (Mercoled\u00ec), Giove (Gioved\u00ec) e Venere [&hellip;]<\/p>\n","protected":false},"author":1,"featured_media":790,"comment_status":"open","ping_status":"open","sticky":true,"template":"","format":"standard","meta":{"_monsterinsights_skip_tracking":false,"_jetpack_newsletter_access":"","_jetpack_dont_email_post_to_subs":false,"_jetpack_newsletter_tier_id":0,"_jetpack_memberships_contains_paywalled_content":false,"_jetpack_feature_clip_id":0,"_jetpack_memberships_contains_paid_content":false,"footnotes":"","jetpack_publicize_message":"Perch\u00e9 solo la Domenica ha perso il suo dio? \ud83c\udfdb\ufe0f\n\nSe ci fate caso, dal luned\u00ec al venerd\u00ec continuiamo a rendere omaggio ai pianeti e agli dei romani: Luna, Marte, Mercurio, Giove e Venere. Il Sabato prende il nome dall'ebraico Shabbat. Poi arriviamo alla Domenica\u2026 e la catena si spezza.\n\nCome mai proprio questo giorno \u00e8 stato sottratto alla sua divinit\u00e0 originale?\n\nNell'antichit\u00e0 classica apparteneva al Titano Elios e al Sol Invictus. Ma con la diffusione del Cristianesimo, la Chiesa comp\u00ec un'operazione teologica straordinaria: sovrappose l'immagine del Sole a Cristo, la vera \"Luce del Mondo\". L'antico Dies Solis divenne cos\u00ec Dies Dominica, il \"Giorno del Signore\".\n\nAttraversando l'Europa, questa storia regala paradossi incredibili:\n\ud83c\uddec\ud83c\udde7 \ud83c\udde9\ud83c\uddea In inglese e tedesco il Sole ha resistito (Sunday e Sonntag).\n\ud83c\uddec\ud83c\uddf7 In Grecia, patria dei miti, gli dei sono stati totalmente cancellati dal calendario a favore di un conto numerico (Deft\u00e9ra, Tr\u00edti...).\n\ud83c\udfdd\ufe0f Ai Caraibi, l'isola di Dominica e la Repubblica Dominicana conservano ancora oggi la memoria di quella parola latina.\n\nMa l'ironia pi\u00f9 affascinante sta nel concetto stesso di riposo: il giorno dedicato al Sole \u2014 l'incarnazione della luce, del movimento e della vita che non si ferma mai \u2014 \u00e8 diventato il giorno in cui tutto il mondo si ferma.\n\n\ud83d\udc49 Leggi l'articolo completo al link in bio\/nei commenti!\n\n#Curiosit\u00e0Storiche #Etimologia #Storia #Domenica #Linguistica #SolInvictus","jetpack_publicize_feature_enabled":true,"jetpack_social_post_already_shared":true,"jetpack_social_options":{"image_generator_settings":{"template":"highway","default_image_id":0,"font":"","enabled":false},"version":2},"jetpack_post_was_ever_published":false},"categories":[235,32],"tags":[236,42],"class_list":["post-787","post","type-post","status-publish","format-standard","has-post-thumbnail","hentry","category-domenica","category-mitologia-in-pillole","tag-domenica","tag-etimologia"],"aioseo_notices":[],"aioseo_head":"\n\t\t<!-- All in One SEO 5.0.1.1 - aioseo.com -->\n\t<meta name=\"description\" content=\"Scopri la storia dei giorni della settimana: dal Sol Invictus alla Domenica, i paradossi del greco, del tedesco e l&#039;origine dei nomi di persona e dei Caraibi.\" \/>\n\t<meta name=\"robots\" content=\"max-image-preview:large\" \/>\n\t<meta name=\"author\" content=\"Veronica\"\/>\n\t<meta name=\"p:domain_verify\" content=\"a84b38c94d6a10b53cc20429f962fd13\" \/>\n\t<link rel=\"canonical\" href=\"https:\/\/www.mythologydecoding.com\/en\/storia-della-domenica\/\" \/>\n\t<meta name=\"generator\" content=\"All in One SEO (AIOSEO) 5.0.1.1\" \/>\n\t\t<meta property=\"og:locale\" content=\"en_US\" \/>\n\t\t<meta property=\"og:site_name\" content=\"Mythology Decoding - Dall&#039;archeologia al simbolo: il mito riflesso nella quotidianit\u00e0\" \/>\n\t\t<meta property=\"og:type\" content=\"article\" \/>\n\t\t<meta property=\"og:title\" content=\"Perch\u00e9 la Domenica \u00e8 l&#039;unico giorno della settimana ad aver perso il suo dio pagano?\" \/>\n\t\t<meta property=\"og:description\" content=\"Dal Carro di Elios a San Domenico, fino al paradosso del riposo. Scopri la stravagante storia della nostra settimana e come la lingua ha trasformato il giorno del Sole.\" \/>\n\t\t<meta property=\"og:url\" content=\"https:\/\/www.mythologydecoding.com\/en\/storia-della-domenica\/\" \/>\n\t\t<meta property=\"og:image\" content=\"https:\/\/www.mythologydecoding.com\/wp-content\/uploads\/2026\/08\/Gemini_Generated_Image_ywa77oywa77oywa7.png\" \/>\n\t\t<meta property=\"og:image:secure_url\" content=\"https:\/\/www.mythologydecoding.com\/wp-content\/uploads\/2026\/08\/Gemini_Generated_Image_ywa77oywa77oywa7.png\" \/>\n\t\t<meta property=\"og:image:width\" content=\"1376\" \/>\n\t\t<meta property=\"og:image:height\" content=\"768\" \/>\n\t\t<meta property=\"article:section\" content=\"mitologia in pillole\" \/>\n\t\t<meta property=\"article:tag\" content=\"dio\" \/>\n\t\t<meta property=\"article:tag\" content=\"mito\" \/>\n\t\t<meta property=\"article:tag\" content=\"calendario\" \/>\n\t\t<meta property=\"article:tag\" content=\"domenica\" \/>\n\t\t<meta property=\"article:tag\" content=\"sunday\" \/>\n\t\t<meta property=\"article:tag\" content=\"sonntag\" \/>\n\t\t<meta property=\"article:published_time\" content=\"2026-08-22T17:00:00+00:00\" \/>\n\t\t<meta property=\"article:modified_time\" content=\"2026-08-15T05:19:53+00:00\" \/>\n\t\t<meta name=\"twitter:card\" content=\"summary_large_image\" \/>\n\t\t<meta name=\"twitter:title\" content=\"Perch\u00e9 la Domenica \u00e8 l&#039;unico giorno della settimana ad aver perso il suo dio pagano?\" \/>\n\t\t<meta name=\"twitter:description\" content=\"Dal Carro di Elios a San Domenico, fino al paradosso del riposo. Scopri la stravagante storia della nostra settimana e come la lingua ha trasformato il giorno del Sole.\" \/>\n\t\t<meta name=\"twitter:image\" content=\"https:\/\/www.mythologydecoding.com\/wp-content\/uploads\/2026\/08\/Gemini_Generated_Image_ywa77oywa77oywa7.png\" \/>\n\t\t<script type=\"application\/ld+json\" class=\"aioseo-schema\">\n\t\t\t{\"@context\":\"https:\\\/\\\/schema.org\",\"@graph\":[{\"@type\":\"BlogPosting\",\"@id\":\"https:\\\/\\\/www.mythologydecoding.com\\\/en\\\/storia-della-domenica\\\/#blogposting\",\"name\":\"Perch\\u00e9 la Domenica ha cambiato nome? Storia e paradossi\",\"headline\":\"La stravagante storia della nostra settimana\",\"author\":{\"@id\":\"https:\\\/\\\/www.mythologydecoding.com\\\/en\\\/author\\\/wp_19479076\\\/#author\"},\"publisher\":{\"@id\":\"https:\\\/\\\/www.mythologydecoding.com\\\/en\\\/#organization\"},\"image\":{\"@type\":\"ImageObject\",\"url\":\"https:\\\/\\\/www.mythologydecoding.com\\\/wp-content\\\/uploads\\\/2026\\\/08\\\/Gemini_Generated_Image_ywa77oywa77oywa7.png\",\"width\":1376,\"height\":768,\"caption\":\"il viaggio della Domenica\"},\"datePublished\":\"2026-08-22T18:00:00+01:00\",\"dateModified\":\"2026-08-15T06:19:53+01:00\",\"inLanguage\":\"en-US\",\"mainEntityOfPage\":{\"@id\":\"https:\\\/\\\/www.mythologydecoding.com\\\/en\\\/storia-della-domenica\\\/#webpage\"},\"isPartOf\":{\"@id\":\"https:\\\/\\\/www.mythologydecoding.com\\\/en\\\/storia-della-domenica\\\/#webpage\"},\"articleSection\":\"Domenica, MITOLOGIA IN PILLOLE, domenica, etimologia\"},{\"@type\":\"BreadcrumbList\",\"@id\":\"https:\\\/\\\/www.mythologydecoding.com\\\/en\\\/storia-della-domenica\\\/#breadcrumblist\",\"itemListElement\":[{\"@type\":\"ListItem\",\"@id\":\"https:\\\/\\\/www.mythologydecoding.com\\\/en#listItem\",\"position\":1,\"name\":\"Home\",\"item\":\"https:\\\/\\\/www.mythologydecoding.com\\\/en\",\"nextItem\":{\"@type\":\"ListItem\",\"@id\":\"https:\\\/\\\/www.mythologydecoding.com\\\/en\\\/category\\\/mitologia-in-pillole\\\/#listItem\",\"name\":\"MITOLOGIA IN PILLOLE\"}},{\"@type\":\"ListItem\",\"@id\":\"https:\\\/\\\/www.mythologydecoding.com\\\/en\\\/category\\\/mitologia-in-pillole\\\/#listItem\",\"position\":2,\"name\":\"MITOLOGIA IN PILLOLE\",\"item\":\"https:\\\/\\\/www.mythologydecoding.com\\\/en\\\/category\\\/mitologia-in-pillole\\\/\",\"nextItem\":{\"@type\":\"ListItem\",\"@id\":\"https:\\\/\\\/www.mythologydecoding.com\\\/en\\\/category\\\/mitologia-in-pillole\\\/domenica\\\/#listItem\",\"name\":\"Domenica\"},\"previousItem\":{\"@type\":\"ListItem\",\"@id\":\"https:\\\/\\\/www.mythologydecoding.com\\\/en#listItem\",\"name\":\"Home\"}},{\"@type\":\"ListItem\",\"@id\":\"https:\\\/\\\/www.mythologydecoding.com\\\/en\\\/category\\\/mitologia-in-pillole\\\/domenica\\\/#listItem\",\"position\":3,\"name\":\"Domenica\",\"item\":\"https:\\\/\\\/www.mythologydecoding.com\\\/en\\\/category\\\/mitologia-in-pillole\\\/domenica\\\/\",\"nextItem\":{\"@type\":\"ListItem\",\"@id\":\"https:\\\/\\\/www.mythologydecoding.com\\\/en\\\/storia-della-domenica\\\/#listItem\",\"name\":\"La stravagante storia della nostra settimana\"},\"previousItem\":{\"@type\":\"ListItem\",\"@id\":\"https:\\\/\\\/www.mythologydecoding.com\\\/en\\\/category\\\/mitologia-in-pillole\\\/#listItem\",\"name\":\"MITOLOGIA IN PILLOLE\"}},{\"@type\":\"ListItem\",\"@id\":\"https:\\\/\\\/www.mythologydecoding.com\\\/en\\\/storia-della-domenica\\\/#listItem\",\"position\":4,\"name\":\"La stravagante storia della nostra settimana\",\"previousItem\":{\"@type\":\"ListItem\",\"@id\":\"https:\\\/\\\/www.mythologydecoding.com\\\/en\\\/category\\\/mitologia-in-pillole\\\/domenica\\\/#listItem\",\"name\":\"Domenica\"}}]},{\"@type\":\"Organization\",\"@id\":\"https:\\\/\\\/www.mythologydecoding.com\\\/en\\\/#organization\",\"name\":\"Mythology Decoding\",\"description\":\"Dall'archeologia al simbolo: il mito riflesso nella quotidianit\\u00e0\",\"url\":\"https:\\\/\\\/www.mythologydecoding.com\\\/en\\\/\"},{\"@type\":\"Person\",\"@id\":\"https:\\\/\\\/www.mythologydecoding.com\\\/en\\\/author\\\/wp_19479076\\\/#author\",\"url\":\"https:\\\/\\\/www.mythologydecoding.com\\\/en\\\/author\\\/wp_19479076\\\/\",\"name\":\"Veronica\",\"image\":{\"@type\":\"ImageObject\",\"@id\":\"https:\\\/\\\/www.mythologydecoding.com\\\/en\\\/storia-della-domenica\\\/#authorImage\",\"url\":\"https:\\\/\\\/secure.gravatar.com\\\/avatar\\\/27f54f9be94809cd81b8e8c1f33c98562c58e38cf0ea287858cdd504023e3be4?s=96&d=mm&r=g\",\"width\":96,\"height\":96,\"caption\":\"Veronica\"}},{\"@type\":\"WebPage\",\"@id\":\"https:\\\/\\\/www.mythologydecoding.com\\\/en\\\/storia-della-domenica\\\/#webpage\",\"url\":\"https:\\\/\\\/www.mythologydecoding.com\\\/en\\\/storia-della-domenica\\\/\",\"name\":\"Perch\\u00e9 la Domenica ha cambiato nome? Storia e paradossi\",\"description\":\"Scopri la storia dei giorni della settimana: dal Sol Invictus alla Domenica, i paradossi del greco, del tedesco e l'origine dei nomi di persona e dei Caraibi.\",\"inLanguage\":\"en-US\",\"isPartOf\":{\"@id\":\"https:\\\/\\\/www.mythologydecoding.com\\\/en\\\/#website\"},\"breadcrumb\":{\"@id\":\"https:\\\/\\\/www.mythologydecoding.com\\\/en\\\/storia-della-domenica\\\/#breadcrumblist\"},\"author\":{\"@id\":\"https:\\\/\\\/www.mythologydecoding.com\\\/en\\\/author\\\/wp_19479076\\\/#author\"},\"creator\":{\"@id\":\"https:\\\/\\\/www.mythologydecoding.com\\\/en\\\/author\\\/wp_19479076\\\/#author\"},\"image\":{\"@type\":\"ImageObject\",\"url\":\"https:\\\/\\\/www.mythologydecoding.com\\\/wp-content\\\/uploads\\\/2026\\\/08\\\/Gemini_Generated_Image_ywa77oywa77oywa7.png\",\"@id\":\"https:\\\/\\\/www.mythologydecoding.com\\\/en\\\/storia-della-domenica\\\/#mainImage\",\"width\":1376,\"height\":768,\"caption\":\"il viaggio della Domenica\"},\"primaryImageOfPage\":{\"@id\":\"https:\\\/\\\/www.mythologydecoding.com\\\/en\\\/storia-della-domenica\\\/#mainImage\"},\"datePublished\":\"2026-08-22T18:00:00+01:00\",\"dateModified\":\"2026-08-15T06:19:53+01:00\"},{\"@type\":\"WebSite\",\"@id\":\"https:\\\/\\\/www.mythologydecoding.com\\\/en\\\/#website\",\"url\":\"https:\\\/\\\/www.mythologydecoding.com\\\/en\\\/\",\"name\":\"Mythology Decoding\",\"description\":\"Dall'archeologia al simbolo: il mito riflesso nella quotidianit\\u00e0\",\"inLanguage\":\"en-US\",\"publisher\":{\"@id\":\"https:\\\/\\\/www.mythologydecoding.com\\\/en\\\/#organization\"}}]}\n\t\t<\/script>\n\t\t<!-- All in One SEO -->\n\n","aioseo_head_json":{"title":"Perch\u00e9 la Domenica ha cambiato nome? Storia e paradossi","description":"Scopri la storia dei giorni della settimana: dal Sol Invictus alla Domenica, i paradossi del greco, del tedesco e l'origine dei nomi di persona e dei Caraibi.","canonical_url":"https:\/\/www.mythologydecoding.com\/en\/storia-della-domenica\/","robots":"max-image-preview:large","keywords":"","webmasterTools":{"p:domain_verify":"a84b38c94d6a10b53cc20429f962fd13","miscellaneous":""},"schema":{"@context":"https:\/\/schema.org","@graph":[{"@type":"BlogPosting","@id":"https:\/\/www.mythologydecoding.com\/en\/storia-della-domenica\/#blogposting","name":"Perch\u00e9 la Domenica ha cambiato nome? Storia e paradossi","headline":"La stravagante storia della nostra settimana","author":{"@id":"https:\/\/www.mythologydecoding.com\/en\/author\/wp_19479076\/#author"},"publisher":{"@id":"https:\/\/www.mythologydecoding.com\/en\/#organization"},"image":{"@type":"ImageObject","url":"https:\/\/www.mythologydecoding.com\/wp-content\/uploads\/2026\/08\/Gemini_Generated_Image_ywa77oywa77oywa7.png","width":1376,"height":768,"caption":"il viaggio della Domenica"},"datePublished":"2026-08-22T18:00:00+01:00","dateModified":"2026-08-15T06:19:53+01:00","inLanguage":"en-US","mainEntityOfPage":{"@id":"https:\/\/www.mythologydecoding.com\/en\/storia-della-domenica\/#webpage"},"isPartOf":{"@id":"https:\/\/www.mythologydecoding.com\/en\/storia-della-domenica\/#webpage"},"articleSection":"Domenica, MITOLOGIA IN PILLOLE, domenica, etimologia"},{"@type":"BreadcrumbList","@id":"https:\/\/www.mythologydecoding.com\/en\/storia-della-domenica\/#breadcrumblist","itemListElement":[{"@type":"ListItem","@id":"https:\/\/www.mythologydecoding.com\/en#listItem","position":1,"name":"Home","item":"https:\/\/www.mythologydecoding.com\/en","nextItem":{"@type":"ListItem","@id":"https:\/\/www.mythologydecoding.com\/en\/category\/mitologia-in-pillole\/#listItem","name":"MITOLOGIA IN PILLOLE"}},{"@type":"ListItem","@id":"https:\/\/www.mythologydecoding.com\/en\/category\/mitologia-in-pillole\/#listItem","position":2,"name":"MITOLOGIA IN PILLOLE","item":"https:\/\/www.mythologydecoding.com\/en\/category\/mitologia-in-pillole\/","nextItem":{"@type":"ListItem","@id":"https:\/\/www.mythologydecoding.com\/en\/category\/mitologia-in-pillole\/domenica\/#listItem","name":"Domenica"},"previousItem":{"@type":"ListItem","@id":"https:\/\/www.mythologydecoding.com\/en#listItem","name":"Home"}},{"@type":"ListItem","@id":"https:\/\/www.mythologydecoding.com\/en\/category\/mitologia-in-pillole\/domenica\/#listItem","position":3,"name":"Domenica","item":"https:\/\/www.mythologydecoding.com\/en\/category\/mitologia-in-pillole\/domenica\/","nextItem":{"@type":"ListItem","@id":"https:\/\/www.mythologydecoding.com\/en\/storia-della-domenica\/#listItem","name":"La stravagante storia della nostra settimana"},"previousItem":{"@type":"ListItem","@id":"https:\/\/www.mythologydecoding.com\/en\/category\/mitologia-in-pillole\/#listItem","name":"MITOLOGIA IN PILLOLE"}},{"@type":"ListItem","@id":"https:\/\/www.mythologydecoding.com\/en\/storia-della-domenica\/#listItem","position":4,"name":"La stravagante storia della nostra settimana","previousItem":{"@type":"ListItem","@id":"https:\/\/www.mythologydecoding.com\/en\/category\/mitologia-in-pillole\/domenica\/#listItem","name":"Domenica"}}]},{"@type":"Organization","@id":"https:\/\/www.mythologydecoding.com\/en\/#organization","name":"Mythology Decoding","description":"Dall'archeologia al simbolo: il mito riflesso nella quotidianit\u00e0","url":"https:\/\/www.mythologydecoding.com\/en\/"},{"@type":"Person","@id":"https:\/\/www.mythologydecoding.com\/en\/author\/wp_19479076\/#author","url":"https:\/\/www.mythologydecoding.com\/en\/author\/wp_19479076\/","name":"Veronica","image":{"@type":"ImageObject","@id":"https:\/\/www.mythologydecoding.com\/en\/storia-della-domenica\/#authorImage","url":"https:\/\/secure.gravatar.com\/avatar\/27f54f9be94809cd81b8e8c1f33c98562c58e38cf0ea287858cdd504023e3be4?s=96&d=mm&r=g","width":96,"height":96,"caption":"Veronica"}},{"@type":"WebPage","@id":"https:\/\/www.mythologydecoding.com\/en\/storia-della-domenica\/#webpage","url":"https:\/\/www.mythologydecoding.com\/en\/storia-della-domenica\/","name":"Perch\u00e9 la Domenica ha cambiato nome? Storia e paradossi","description":"Scopri la storia dei giorni della settimana: dal Sol Invictus alla Domenica, i paradossi del greco, del tedesco e l'origine dei nomi di persona e dei Caraibi.","inLanguage":"en-US","isPartOf":{"@id":"https:\/\/www.mythologydecoding.com\/en\/#website"},"breadcrumb":{"@id":"https:\/\/www.mythologydecoding.com\/en\/storia-della-domenica\/#breadcrumblist"},"author":{"@id":"https:\/\/www.mythologydecoding.com\/en\/author\/wp_19479076\/#author"},"creator":{"@id":"https:\/\/www.mythologydecoding.com\/en\/author\/wp_19479076\/#author"},"image":{"@type":"ImageObject","url":"https:\/\/www.mythologydecoding.com\/wp-content\/uploads\/2026\/08\/Gemini_Generated_Image_ywa77oywa77oywa7.png","@id":"https:\/\/www.mythologydecoding.com\/en\/storia-della-domenica\/#mainImage","width":1376,"height":768,"caption":"il viaggio della Domenica"},"primaryImageOfPage":{"@id":"https:\/\/www.mythologydecoding.com\/en\/storia-della-domenica\/#mainImage"},"datePublished":"2026-08-22T18:00:00+01:00","dateModified":"2026-08-15T06:19:53+01:00"},{"@type":"WebSite","@id":"https:\/\/www.mythologydecoding.com\/en\/#website","url":"https:\/\/www.mythologydecoding.com\/en\/","name":"Mythology Decoding","description":"Dall'archeologia al simbolo: il mito riflesso nella quotidianit\u00e0","inLanguage":"en-US","publisher":{"@id":"https:\/\/www.mythologydecoding.com\/en\/#organization"}}]},"og:locale":"en_US","og:site_name":"Mythology Decoding - Dall'archeologia al simbolo: il mito riflesso nella quotidianit\u00e0","og:type":"article","og:title":"Perch\u00e9 la Domenica \u00e8 l'unico giorno della settimana ad aver perso il suo dio pagano?","og:description":"Dal Carro di Elios a San Domenico, fino al paradosso del riposo. Scopri la stravagante storia della nostra settimana e come la lingua ha trasformato il giorno del Sole.","og:url":"https:\/\/www.mythologydecoding.com\/en\/storia-della-domenica\/","og:image":"https:\/\/www.mythologydecoding.com\/wp-content\/uploads\/2026\/08\/Gemini_Generated_Image_ywa77oywa77oywa7.png","og:image:secure_url":"https:\/\/www.mythologydecoding.com\/wp-content\/uploads\/2026\/08\/Gemini_Generated_Image_ywa77oywa77oywa7.png","og:image:width":"1376","og:image:height":"768","article:section":"mitologia in pillole","article:tag":["dio","mito","calendario","domenica","sunday","sonntag"],"article:published_time":"2026-08-22T17:00:00+00:00","article:modified_time":"2026-08-15T05:19:53+00:00","twitter:card":"summary_large_image","twitter:title":"Perch\u00e9 la Domenica \u00e8 l'unico giorno della settimana ad aver perso il suo dio pagano?","twitter:description":"Dal Carro di Elios a San Domenico, fino al paradosso del riposo. Scopri la stravagante storia della nostra settimana e come la lingua ha trasformato il giorno del Sole.","twitter:image":"https:\/\/www.mythologydecoding.com\/wp-content\/uploads\/2026\/08\/Gemini_Generated_Image_ywa77oywa77oywa7.png"},"aioseo_meta_data":{"post_id":"787","title":"Perch\u00e9 la Domenica ha cambiato nome? Storia e paradossi","description":"Scopri la storia dei giorni della settimana: dal Sol Invictus alla Domenica, i paradossi del greco, del tedesco e l'origine dei nomi di persona e dei Caraibi.","keywords":null,"keyphrases":{"focus":{"keyphrase":"Domenica","score":94},"additional":[]},"primary_term":null,"canonical_url":null,"og_title":"Perch\u00e9 la Domenica \u00e8 l'unico giorno della settimana ad aver perso il suo dio pagano?","og_description":"Dal Carro di Elios a San Domenico, fino al paradosso del riposo. Scopri la stravagante storia della nostra settimana e come la lingua ha trasformato il giorno del Sole.","og_object_type":"article","og_image_type":"featured","og_image_url":"https:\/\/www.mythologydecoding.com\/wp-content\/uploads\/2026\/08\/Gemini_Generated_Image_ywa77oywa77oywa7.png","og_image_width":"1376","og_image_height":"768","og_image_custom_url":null,"og_image_custom_fields":null,"og_video":"","og_custom_url":null,"og_article_section":"mitologia in pillole","og_article_tags":[{"label":"dio","value":"dio"},{"label":"mito","value":"mito"},{"label":"calendario","value":"calendario"},{"label":"domenica","value":"domenica"},{"label":"sunday","value":"sunday"},{"label":"sonntag","value":"sonntag"}],"twitter_use_og":false,"twitter_card":"default","twitter_image_type":"default","twitter_image_url":null,"twitter_image_custom_url":null,"twitter_image_custom_fields":null,"twitter_title":null,"twitter_description":null,"schema":{"blockGraphs":[],"customGraphs":[],"default":{"data":{"Article":[],"Course":[],"Dataset":[],"FAQPage":[],"Movie":[],"Person":[],"Product":[],"ProductReview":[],"Car":[],"Recipe":[],"Service":[],"SoftwareApplication":[],"WebPage":[]},"graphName":"BlogPosting","isEnabled":true},"graphs":[]},"schema_type":"default","schema_type_options":null,"pillar_content":false,"robots_default":true,"robots_noindex":false,"robots_noarchive":false,"robots_nosnippet":false,"robots_nofollow":false,"robots_noimageindex":false,"robots_noodp":false,"robots_notranslate":false,"robots_max_snippet":"-1","robots_max_videopreview":"-1","robots_max_imagepreview":"large","priority":null,"frequency":"default","local_seo":null,"breadcrumb_settings":null,"limit_modified_date":false,"ai":{"faqs":[],"keyPoints":[],"schemas":[],"titles":[],"descriptions":[],"socialPosts":{"email":{"subject":"","preview":"","content":""},"linkedin":[],"twitter":[],"facebook":[],"instagram":[]}},"created":"2026-08-12 18:09:05","updated":"2026-08-26 06:32:08","seo_analyzer_scan_date":null,"focus_keyword":"Domenica","additional_keywords":null,"truseo_locale":null},"aioseo_breadcrumb":"<div class=\"aioseo-breadcrumbs\"><span class=\"aioseo-breadcrumb\">\n\t\t\t<a href=\"https:\/\/www.mythologydecoding.com\/en\" title=\"Home\">Home<\/a>\n\t\t<\/span><span class=\"aioseo-breadcrumb-separator\">&raquo;<\/span><span class=\"aioseo-breadcrumb\">\n\t\t\t<a href=\"https:\/\/www.mythologydecoding.com\/en\/category\/mitologia-in-pillole\/\" title=\"MITOLOGIA IN PILLOLE\">MITOLOGIA IN PILLOLE<\/a>\n\t\t<\/span><span class=\"aioseo-breadcrumb-separator\">&raquo;<\/span><span class=\"aioseo-breadcrumb\">\n\t\t\t<a href=\"https:\/\/www.mythologydecoding.com\/en\/category\/mitologia-in-pillole\/domenica\/\" title=\"Domenica\">Domenica<\/a>\n\t\t<\/span><span class=\"aioseo-breadcrumb-separator\">&raquo;<\/span><span class=\"aioseo-breadcrumb\">\n\t\t\tLa stravagante storia della nostra settimana\n\t\t<\/span><\/div>","aioseo_breadcrumb_json":[{"label":"Home","link":"https:\/\/www.mythologydecoding.com\/en"},{"label":"MITOLOGIA IN PILLOLE","link":"https:\/\/www.mythologydecoding.com\/en\/category\/mitologia-in-pillole\/"},{"label":"Domenica","link":"https:\/\/www.mythologydecoding.com\/en\/category\/mitologia-in-pillole\/domenica\/"},{"label":"La stravagante storia della nostra settimana","link":"https:\/\/www.mythologydecoding.com\/en\/storia-della-domenica\/"}],"jetpack_publicize_connections":[],"jetpack_sharing_enabled":true,"jetpack_featured_media_url":"https:\/\/www.mythologydecoding.com\/wp-content\/uploads\/2026\/08\/Gemini_Generated_Image_ywa77oywa77oywa7.png","_links":{"self":[{"href":"https:\/\/www.mythologydecoding.com\/en\/wp-json\/wp\/v2\/posts\/787","targetHints":{"allow":["GET"]}}],"collection":[{"href":"https:\/\/www.mythologydecoding.com\/en\/wp-json\/wp\/v2\/posts"}],"about":[{"href":"https:\/\/www.mythologydecoding.com\/en\/wp-json\/wp\/v2\/types\/post"}],"author":[{"embeddable":true,"href":"https:\/\/www.mythologydecoding.com\/en\/wp-json\/wp\/v2\/users\/1"}],"replies":[{"embeddable":true,"href":"https:\/\/www.mythologydecoding.com\/en\/wp-json\/wp\/v2\/comments?post=787"}],"version-history":[{"count":5,"href":"https:\/\/www.mythologydecoding.com\/en\/wp-json\/wp\/v2\/posts\/787\/revisions"}],"predecessor-version":[{"id":796,"href":"https:\/\/www.mythologydecoding.com\/en\/wp-json\/wp\/v2\/posts\/787\/revisions\/796"}],"wp:featuredmedia":[{"embeddable":true,"href":"https:\/\/www.mythologydecoding.com\/en\/wp-json\/wp\/v2\/media\/790"}],"wp:attachment":[{"href":"https:\/\/www.mythologydecoding.com\/en\/wp-json\/wp\/v2\/media?parent=787"}],"wp:term":[{"taxonomy":"category","embeddable":true,"href":"https:\/\/www.mythologydecoding.com\/en\/wp-json\/wp\/v2\/categories?post=787"},{"taxonomy":"post_tag","embeddable":true,"href":"https:\/\/www.mythologydecoding.com\/en\/wp-json\/wp\/v2\/tags?post=787"}],"curies":[{"name":"wp","href":"https:\/\/api.w.org\/{rel}","templated":true}]}}